{"id":9400,"date":"2020-08-23T09:52:21","date_gmt":"2020-08-23T07:52:21","guid":{"rendered":"https:\/\/www.barracart.com\/?p=9400"},"modified":"2020-11-29T23:16:04","modified_gmt":"2020-11-29T22:16:04","slug":"wordlando-loves-cabanyal","status":"publish","type":"post","link":"https:\/\/www.barracart.com\/de\/wordlando-loves-cabanyal\/","title":{"rendered":"Worldlando liebt Cabanyal"},"content":{"rendered":"<h2>DER CREATOR WORLDLANDO BEZEICHNET CABANYAL ALS TRENDVIERTEL<\/h2>\n<p><strong>Worldlando<\/strong>, der internationale Reise-Creator, erz\u00e4hlte uns: H\u00f6ren Sie, <strong>Cabanyal &#8211; Canyamelar<\/strong> ist das Trendviertel!<\/p>\n<p><strong>Worldlando<\/strong> erkl\u00e4rte uns mit seinem sympathischen argentinischen Akzent, dass er schon von unserem Viertel <strong>Caba\u00f1al \u2013 Ca\u00f1amelar<\/strong> geh\u00f6rt h\u00e4tte und dass er es sich nicht entgehen lassen k\u00f6nnte, uns bei seinem Aufenthalt in <strong>Valencia<\/strong> \u00fcber den Sommer einen Besuch abzustatten.<\/p>\n<p>Nat\u00fcrlich schlossen wir uns mit einigen Nachbarn aus dem Viertel zusammen und organisierten eine Tour. Damit w\u00fcrde er sich kein MUST in <strong>Caba\u00f1al &#8211; Ca\u00f1amelar<\/strong> entgehen lassen.<\/p>\n<p><strong>Worldlando<\/strong> ist Journalist, hat aber seit einigen Jahren seine Karriere auf Video-Blogs umgestellt. Mit wenig mehr als einem Rucksack und viel Enthusiasmus, reist er um die Welt und l\u00e4sst sich vom Kompass seiner Intuition und von den Attraktionen touristischer Ziele mitrei\u00dfen.<\/p>\n<p><strong>Worldlando<\/strong> sagte uns, wir h\u00e4tten all seine Erwartungen \u00fcbertroffen. Und das aus dem Mund eines Reiseexperten machte uns sehr stolz.<\/p>\n<p>Nach der Tour durch das Viertel erkl\u00e4rte er sich zu einem Fan von <strong>Valencia<\/strong> und <strong>Caba\u00f1al &#8211; Ca\u00f1amelar<\/strong>.<\/p>\n<p>Und das sagte er genau:<br \/>\n\u201cMein Besuch in <strong>Cabanyal &#8211; Canyamelar<\/strong> war f\u00fcr mich eine gro\u00dfe \u00dcberraschung. Ich hatte bereits von <strong>Valencia<\/strong>, geh\u00f6rt und dar\u00fcber gelesen und mit Freunden gesprochen, aber ein Rundgang durch dieses Viertel \u00fcbertraf bei Weitem meine Vorstellungen.<br \/>\nEs ist besonders die Geschichte, die dich fesselt, w\u00e4hrend sie dir erz\u00e4hlt wird; die Sch\u00f6nheit seiner Geb\u00e4ude, seiner Farben, seiner Kacheln. Und zu guter Letzt das, was mich \u00fcberall fasziniert: das Essen und die Annehmlichkeiten.<br \/>\nSich etwas Zeit f\u00fcr ein gutes Mittag- oder Abendessen in <strong><a href=\"https:\/\/www.emilianobodega.com\/\" target=\"_blank\" rel=\"noopener noreferrer\">Casa Monta\u00f1a<\/a><\/strong> zu nehmen, ist eine faszinierende Erfahrung. Danach entspannte ich mich an einem der sch\u00f6nsten Orte des Viertels wie <strong>Barracart<\/strong> wodurch mein Aufenthalt in <strong>Cabanyal &#8211; Canyamelar<\/strong> einzigartig f\u00fcr mich und ab sofort empfehlenswert f\u00fcr all meine Bekannten war.\u201d<\/p>\n<p>Schauen Sie sich sein Video \u00fcber <strong><a href=\"https:\/\/www.youtube.com\/watch?v=q5v4t-YgWog\" target=\"_blank\" rel=\"noopener noreferrer\">Cabanyal \u2013 Canyamelar<\/a><\/strong> an, in dem er unsere <strong>Ferienwohnungen Barracart<\/strong> bewertet und seine ganz eigene Sicht als Reiseexperte \u00fcber uns und das Angebot unseres Viertels teilt: Str\u00e4nde, mediterraner Lebensstil, valencianischer Jugendstil, Kultur, Gastronomie, Nachtleben &#8230;<\/p>\n<p>Schauen Sie sich auch sein Video \u00fcber <strong><a href=\"https:\/\/www.youtube.com\/watch?v=f4-KyQgJKEQ\" target=\"_blank\" rel=\"noopener noreferrer\">Valencia<\/a><\/strong> an, in dem er die 20 symboltr\u00e4chtigen Sehensw\u00fcrdigkeiten der Stadt treffsicher beschreibt. Ein Video, das \u00fcbrigens immer mehr angeklickt wird.<\/p>\n","protected":false},"excerpt":{"rendered":"<p>DER CREATOR WORLDLANDO BEZEICHNET CABANYAL ALS TRENDVIERTEL Worldlando, der internationale Reise-Creator, erz\u00e4hlte uns: H\u00f6ren Sie, Cabanyal &#8211; Canyamelar ist das Trendviertel! Worldlando erkl\u00e4rte uns mit seinem sympathischen argentinischen Akzent, dass er schon von unserem Viertel Caba\u00f1al \u2013 Ca\u00f1amelar geh\u00f6rt h\u00e4tte und dass er es sich nicht entgehen lassen k\u00f6nnte, uns bei seinem Aufenthalt in Valencia [&hellip;]<\/p>\n","protected":false},"author":103,"featured_media":9383,"comment_status":"open","ping_status":"open","sticky":false,"template":"","format":"standard","meta":{"footnotes":""},"categories":[100],"tags":[],"class_list":["post-9400","post","type-post","status-publish","format-standard","has-post-thumbnail","hentry","category-blog-de"],"yoast_head":"<!-- This site is optimized with the Yoast SEO plugin v24.9 - https:\/\/yoast.com\/wordpress\/plugins\/seo\/ -->\n<title>Youtuber Worldlando sagt das Cabanyal ist das Trendviertel!<\/title>\n<meta name=\"description\" content=\"Worldlando sagt das Cabanyal ist das Trendviertel! Entdecken Sie in seinem Video die Sehensw\u00fcrdigkeiten und der Ferienwohnungen Barracart!\" \/>\n<meta name=\"robots\" content=\"index, follow, max-snippet:-1, max-image-preview:large, max-video-preview:-1\" \/>\n<link rel=\"canonical\" href=\"https:\/\/www.barracart.com\/de\/wordlando-loves-cabanyal\/\" \/>\n<meta property=\"og:locale\" content=\"de_DE\" \/>\n<meta property=\"og:type\" content=\"article\" \/>\n<meta property=\"og:title\" content=\"Youtuber Worldlando sagt das Cabanyal ist das Trendviertel!\" \/>\n<meta property=\"og:description\" content=\"Worldlando sagt das Cabanyal ist das Trendviertel! Entdecken Sie in seinem Video die Sehensw\u00fcrdigkeiten und der Ferienwohnungen Barracart!\" \/>\n<meta property=\"og:url\" content=\"https:\/\/www.barracart.com\/de\/wordlando-loves-cabanyal\/\" \/>\n<meta property=\"og:site_name\" content=\"Barracart: Premium beach apartments Valencia\" \/>\n<meta property=\"article:published_time\" content=\"2020-08-23T07:52:21+00:00\" \/>\n<meta property=\"article:modified_time\" content=\"2020-11-29T22:16:04+00:00\" \/>\n<meta property=\"og:image\" content=\"https:\/\/www.barracart.com\/wp-content\/uploads\/portada_wordlando.jpg\" \/>\n\t<meta property=\"og:image:width\" content=\"563\" \/>\n\t<meta property=\"og:image:height\" content=\"782\" \/>\n\t<meta property=\"og:image:type\" content=\"image\/jpeg\" \/>\n<meta name=\"author\" content=\"8s6Jj9BbYMFrDscE\" \/>\n<meta name=\"twitter:card\" content=\"summary_large_image\" \/>\n<meta name=\"twitter:label1\" content=\"Verfasst von\" \/>\n\t<meta name=\"twitter:data1\" content=\"8s6Jj9BbYMFrDscE\" \/>\n\t<meta name=\"twitter:label2\" content=\"Gesch\u00e4tzte Lesezeit\" \/>\n\t<meta name=\"twitter:data2\" content=\"2\u00a0Minuten\" \/>\n<script type=\"application\/ld+json\" class=\"yoast-schema-graph\">{\"@context\":\"https:\/\/schema.org\",\"@graph\":[{\"@type\":\"Article\",\"@id\":\"https:\/\/www.barracart.com\/de\/wordlando-loves-cabanyal\/#article\",\"isPartOf\":{\"@id\":\"https:\/\/www.barracart.com\/de\/wordlando-loves-cabanyal\/\"},\"author\":{\"name\":\"8s6Jj9BbYMFrDscE\",\"@id\":\"https:\/\/www.barracart.com\/#\/schema\/person\/d02591fbe1ce4e0bb5d2ef66381aa490\"},\"headline\":\"Worldlando liebt Cabanyal\",\"datePublished\":\"2020-08-23T07:52:21+00:00\",\"dateModified\":\"2020-11-29T22:16:04+00:00\",\"mainEntityOfPage\":{\"@id\":\"https:\/\/www.barracart.com\/de\/wordlando-loves-cabanyal\/\"},\"wordCount\":395,\"commentCount\":0,\"publisher\":{\"@id\":\"https:\/\/www.barracart.com\/#organization\"},\"image\":{\"@id\":\"https:\/\/www.barracart.com\/de\/wordlando-loves-cabanyal\/#primaryimage\"},\"thumbnailUrl\":\"https:\/\/www.barracart.com\/wp-content\/uploads\/portada_wordlando.jpg\",\"articleSection\":[\"Blog\"],\"inLanguage\":\"de\",\"potentialAction\":[{\"@type\":\"CommentAction\",\"name\":\"Comment\",\"target\":[\"https:\/\/www.barracart.com\/de\/wordlando-loves-cabanyal\/#respond\"]}]},{\"@type\":\"WebPage\",\"@id\":\"https:\/\/www.barracart.com\/de\/wordlando-loves-cabanyal\/\",\"url\":\"https:\/\/www.barracart.com\/de\/wordlando-loves-cabanyal\/\",\"name\":\"Youtuber Worldlando sagt das Cabanyal ist das Trendviertel!\",\"isPartOf\":{\"@id\":\"https:\/\/www.barracart.com\/#website\"},\"primaryImageOfPage\":{\"@id\":\"https:\/\/www.barracart.com\/de\/wordlando-loves-cabanyal\/#primaryimage\"},\"image\":{\"@id\":\"https:\/\/www.barracart.com\/de\/wordlando-loves-cabanyal\/#primaryimage\"},\"thumbnailUrl\":\"https:\/\/www.barracart.com\/wp-content\/uploads\/portada_wordlando.jpg\",\"datePublished\":\"2020-08-23T07:52:21+00:00\",\"dateModified\":\"2020-11-29T22:16:04+00:00\",\"description\":\"Worldlando sagt das Cabanyal ist das Trendviertel! Entdecken Sie in seinem Video die Sehensw\u00fcrdigkeiten und der Ferienwohnungen Barracart!\",\"breadcrumb\":{\"@id\":\"https:\/\/www.barracart.com\/de\/wordlando-loves-cabanyal\/#breadcrumb\"},\"inLanguage\":\"de\",\"potentialAction\":[{\"@type\":\"ReadAction\",\"target\":[\"https:\/\/www.barracart.com\/de\/wordlando-loves-cabanyal\/\"]}]},{\"@type\":\"ImageObject\",\"inLanguage\":\"de\",\"@id\":\"https:\/\/www.barracart.com\/de\/wordlando-loves-cabanyal\/#primaryimage\",\"url\":\"https:\/\/www.barracart.com\/wp-content\/uploads\/portada_wordlando.jpg\",\"contentUrl\":\"https:\/\/www.barracart.com\/wp-content\/uploads\/portada_wordlando.jpg\",\"width\":563,\"height\":782,\"caption\":\"Worldlando besucht Cabanyal und Ferienwohnungen Barracart in Valencia.\"},{\"@type\":\"BreadcrumbList\",\"@id\":\"https:\/\/www.barracart.com\/de\/wordlando-loves-cabanyal\/#breadcrumb\",\"itemListElement\":[{\"@type\":\"ListItem\",\"position\":1,\"name\":\"Home\",\"item\":\"https:\/\/www.barracart.com\/de\/\"},{\"@type\":\"ListItem\",\"position\":2,\"name\":\"Worldlando liebt Cabanyal\"}]},{\"@type\":\"WebSite\",\"@id\":\"https:\/\/www.barracart.com\/#website\",\"url\":\"https:\/\/www.barracart.com\/\",\"name\":\"Barracart: Premium beach apartments Valencia\",\"description\":\"Get up to 20% discount by booking on our website!\",\"publisher\":{\"@id\":\"https:\/\/www.barracart.com\/#organization\"},\"potentialAction\":[{\"@type\":\"SearchAction\",\"target\":{\"@type\":\"EntryPoint\",\"urlTemplate\":\"https:\/\/www.barracart.com\/?s={search_term_string}\"},\"query-input\":{\"@type\":\"PropertyValueSpecification\",\"valueRequired\":true,\"valueName\":\"search_term_string\"}}],\"inLanguage\":\"de\"},{\"@type\":\"Organization\",\"@id\":\"https:\/\/www.barracart.com\/#organization\",\"name\":\"Barracart: Premium beach apartments Valencia\",\"url\":\"https:\/\/www.barracart.com\/\",\"logo\":{\"@type\":\"ImageObject\",\"inLanguage\":\"de\",\"@id\":\"https:\/\/www.barracart.com\/#\/schema\/logo\/image\/\",\"url\":\"https:\/\/www.barracart.com\/wp-content\/uploads\/cropped-Logo_pr_r.png\",\"contentUrl\":\"https:\/\/www.barracart.com\/wp-content\/uploads\/cropped-Logo_pr_r.png\",\"width\":64,\"height\":64,\"caption\":\"Barracart: Premium beach apartments Valencia\"},\"image\":{\"@id\":\"https:\/\/www.barracart.com\/#\/schema\/logo\/image\/\"}},{\"@type\":\"Person\",\"@id\":\"https:\/\/www.barracart.com\/#\/schema\/person\/d02591fbe1ce4e0bb5d2ef66381aa490\",\"name\":\"8s6Jj9BbYMFrDscE\",\"image\":{\"@type\":\"ImageObject\",\"inLanguage\":\"de\",\"@id\":\"https:\/\/www.barracart.com\/#\/schema\/person\/image\/\",\"url\":\"https:\/\/secure.gravatar.com\/avatar\/43d11462021e611a1c3c615f7f16c0f3ca24f1c32e9826a4b4e03593a90dbe22?s=96&d=mm&r=g\",\"contentUrl\":\"https:\/\/secure.gravatar.com\/avatar\/43d11462021e611a1c3c615f7f16c0f3ca24f1c32e9826a4b4e03593a90dbe22?s=96&d=mm&r=g\",\"caption\":\"8s6Jj9BbYMFrDscE\"},\"url\":\"https:\/\/www.barracart.com\/de\/author\/8s6jj9bbymfrdsce\/\"}]}<\/script>\n<!-- \/ Yoast SEO plugin. -->","yoast_head_json":{"title":"Youtuber Worldlando sagt das Cabanyal ist das Trendviertel!","description":"Worldlando sagt das Cabanyal ist das Trendviertel! Entdecken Sie in seinem Video die Sehensw\u00fcrdigkeiten und der Ferienwohnungen Barracart!","robots":{"index":"index","follow":"follow","max-snippet":"max-snippet:-1","max-image-preview":"max-image-preview:large","max-video-preview":"max-video-preview:-1"},"canonical":"https:\/\/www.barracart.com\/de\/wordlando-loves-cabanyal\/","og_locale":"de_DE","og_type":"article","og_title":"Youtuber Worldlando sagt das Cabanyal ist das Trendviertel!","og_description":"Worldlando sagt das Cabanyal ist das Trendviertel! Entdecken Sie in seinem Video die Sehensw\u00fcrdigkeiten und der Ferienwohnungen Barracart!","og_url":"https:\/\/www.barracart.com\/de\/wordlando-loves-cabanyal\/","og_site_name":"Barracart: Premium beach apartments Valencia","article_published_time":"2020-08-23T07:52:21+00:00","article_modified_time":"2020-11-29T22:16:04+00:00","og_image":[{"width":563,"height":782,"url":"https:\/\/www.barracart.com\/wp-content\/uploads\/portada_wordlando.jpg","type":"image\/jpeg"}],"author":"8s6Jj9BbYMFrDscE","twitter_card":"summary_large_image","twitter_misc":{"Verfasst von":"8s6Jj9BbYMFrDscE","Gesch\u00e4tzte Lesezeit":"2\u00a0Minuten"},"schema":{"@context":"https:\/\/schema.org","@graph":[{"@type":"Article","@id":"https:\/\/www.barracart.com\/de\/wordlando-loves-cabanyal\/#article","isPartOf":{"@id":"https:\/\/www.barracart.com\/de\/wordlando-loves-cabanyal\/"},"author":{"name":"8s6Jj9BbYMFrDscE","@id":"https:\/\/www.barracart.com\/#\/schema\/person\/d02591fbe1ce4e0bb5d2ef66381aa490"},"headline":"Worldlando liebt Cabanyal","datePublished":"2020-08-23T07:52:21+00:00","dateModified":"2020-11-29T22:16:04+00:00","mainEntityOfPage":{"@id":"https:\/\/www.barracart.com\/de\/wordlando-loves-cabanyal\/"},"wordCount":395,"commentCount":0,"publisher":{"@id":"https:\/\/www.barracart.com\/#organization"},"image":{"@id":"https:\/\/www.barracart.com\/de\/wordlando-loves-cabanyal\/#primaryimage"},"thumbnailUrl":"https:\/\/www.barracart.com\/wp-content\/uploads\/portada_wordlando.jpg","articleSection":["Blog"],"inLanguage":"de","potentialAction":[{"@type":"CommentAction","name":"Comment","target":["https:\/\/www.barracart.com\/de\/wordlando-loves-cabanyal\/#respond"]}]},{"@type":"WebPage","@id":"https:\/\/www.barracart.com\/de\/wordlando-loves-cabanyal\/","url":"https:\/\/www.barracart.com\/de\/wordlando-loves-cabanyal\/","name":"Youtuber Worldlando sagt das Cabanyal ist das Trendviertel!","isPartOf":{"@id":"https:\/\/www.barracart.com\/#website"},"primaryImageOfPage":{"@id":"https:\/\/www.barracart.com\/de\/wordlando-loves-cabanyal\/#primaryimage"},"image":{"@id":"https:\/\/www.barracart.com\/de\/wordlando-loves-cabanyal\/#primaryimage"},"thumbnailUrl":"https:\/\/www.barracart.com\/wp-content\/uploads\/portada_wordlando.jpg","datePublished":"2020-08-23T07:52:21+00:00","dateModified":"2020-11-29T22:16:04+00:00","description":"Worldlando sagt das Cabanyal ist das Trendviertel! Entdecken Sie in seinem Video die Sehensw\u00fcrdigkeiten und der Ferienwohnungen Barracart!","breadcrumb":{"@id":"https:\/\/www.barracart.com\/de\/wordlando-loves-cabanyal\/#breadcrumb"},"inLanguage":"de","potentialAction":[{"@type":"ReadAction","target":["https:\/\/www.barracart.com\/de\/wordlando-loves-cabanyal\/"]}]},{"@type":"ImageObject","inLanguage":"de","@id":"https:\/\/www.barracart.com\/de\/wordlando-loves-cabanyal\/#primaryimage","url":"https:\/\/www.barracart.com\/wp-content\/uploads\/portada_wordlando.jpg","contentUrl":"https:\/\/www.barracart.com\/wp-content\/uploads\/portada_wordlando.jpg","width":563,"height":782,"caption":"Worldlando besucht Cabanyal und Ferienwohnungen Barracart in Valencia."},{"@type":"BreadcrumbList","@id":"https:\/\/www.barracart.com\/de\/wordlando-loves-cabanyal\/#breadcrumb","itemListElement":[{"@type":"ListItem","position":1,"name":"Home","item":"https:\/\/www.barracart.com\/de\/"},{"@type":"ListItem","position":2,"name":"Worldlando liebt Cabanyal"}]},{"@type":"WebSite","@id":"https:\/\/www.barracart.com\/#website","url":"https:\/\/www.barracart.com\/","name":"Barracart: Premium beach apartments Valencia","description":"Get up to 20% discount by booking on our website!","publisher":{"@id":"https:\/\/www.barracart.com\/#organization"},"potentialAction":[{"@type":"SearchAction","target":{"@type":"EntryPoint","urlTemplate":"https:\/\/www.barracart.com\/?s={search_term_string}"},"query-input":{"@type":"PropertyValueSpecification","valueRequired":true,"valueName":"search_term_string"}}],"inLanguage":"de"},{"@type":"Organization","@id":"https:\/\/www.barracart.com\/#organization","name":"Barracart: Premium beach apartments Valencia","url":"https:\/\/www.barracart.com\/","logo":{"@type":"ImageObject","inLanguage":"de","@id":"https:\/\/www.barracart.com\/#\/schema\/logo\/image\/","url":"https:\/\/www.barracart.com\/wp-content\/uploads\/cropped-Logo_pr_r.png","contentUrl":"https:\/\/www.barracart.com\/wp-content\/uploads\/cropped-Logo_pr_r.png","width":64,"height":64,"caption":"Barracart: Premium beach apartments Valencia"},"image":{"@id":"https:\/\/www.barracart.com\/#\/schema\/logo\/image\/"}},{"@type":"Person","@id":"https:\/\/www.barracart.com\/#\/schema\/person\/d02591fbe1ce4e0bb5d2ef66381aa490","name":"8s6Jj9BbYMFrDscE","image":{"@type":"ImageObject","inLanguage":"de","@id":"https:\/\/www.barracart.com\/#\/schema\/person\/image\/","url":"https:\/\/secure.gravatar.com\/avatar\/43d11462021e611a1c3c615f7f16c0f3ca24f1c32e9826a4b4e03593a90dbe22?s=96&d=mm&r=g","contentUrl":"https:\/\/secure.gravatar.com\/avatar\/43d11462021e611a1c3c615f7f16c0f3ca24f1c32e9826a4b4e03593a90dbe22?s=96&d=mm&r=g","caption":"8s6Jj9BbYMFrDscE"},"url":"https:\/\/www.barracart.com\/de\/author\/8s6jj9bbymfrdsce\/"}]}},"_links":{"self":[{"href":"https:\/\/www.barracart.com\/de\/wp-json\/wp\/v2\/posts\/9400","targetHints":{"allow":["GET"]}}],"collection":[{"href":"https:\/\/www.barracart.com\/de\/wp-json\/wp\/v2\/posts"}],"about":[{"href":"https:\/\/www.barracart.com\/de\/wp-json\/wp\/v2\/types\/post"}],"author":[{"embeddable":true,"href":"https:\/\/www.barracart.com\/de\/wp-json\/wp\/v2\/users\/103"}],"replies":[{"embeddable":true,"href":"https:\/\/www.barracart.com\/de\/wp-json\/wp\/v2\/comments?post=9400"}],"version-history":[{"count":5,"href":"https:\/\/www.barracart.com\/de\/wp-json\/wp\/v2\/posts\/9400\/revisions"}],"predecessor-version":[{"id":9695,"href":"https:\/\/www.barracart.com\/de\/wp-json\/wp\/v2\/posts\/9400\/revisions\/9695"}],"wp:featuredmedia":[{"embeddable":true,"href":"https:\/\/www.barracart.com\/de\/wp-json\/wp\/v2\/media\/9383"}],"wp:attachment":[{"href":"https:\/\/www.barracart.com\/de\/wp-json\/wp\/v2\/media?parent=9400"}],"wp:term":[{"taxonomy":"category","embeddable":true,"href":"https:\/\/www.barracart.com\/de\/wp-json\/wp\/v2\/categories?post=9400"},{"taxonomy":"post_tag","embeddable":true,"href":"https:\/\/www.barracart.com\/de\/wp-json\/wp\/v2\/tags?post=9400"}],"curies":[{"name":"wp","href":"https:\/\/api.w.org\/{rel}","templated":true}]}}